{"id":5551,"date":"2025-04-17T15:16:59","date_gmt":"2025-04-17T13:16:59","guid":{"rendered":"https:\/\/chorverband-region-kocher.de\/cms\/?p=5551"},"modified":"2026-04-01T09:34:52","modified_gmt":"2026-04-01T07:34:52","slug":"chorleiter-und-vorstaendetreffen","status":"publish","type":"post","link":"https:\/\/chorverband-region-kocher.de\/cms\/chorleiter-und-vorstaendetreffen\/","title":{"rendered":"Chorleiter- und Vorst\u00e4ndetreffen"},"content":{"rendered":"<p><strong>Chorverband Region Kocher tagt in Neuenstein<\/strong><br \/>\n<img loading=\"lazy\" decoding=\"async\" class=\"wp-image-5552 alignnone\" src=\"https:\/\/chorverband-region-kocher.de\/cms\/wp-content\/uploads\/2025\/04\/2025-04-05_Chorleitertreffen-Neuenstein-Bild-2-300x225.jpg\" alt=\"\" width=\"647\" height=\"485\" srcset=\"https:\/\/chorverband-region-kocher.de\/cms\/wp-content\/uploads\/2025\/04\/2025-04-05_Chorleitertreffen-Neuenstein-Bild-2-300x225.jpg 300w, https:\/\/chorverband-region-kocher.de\/cms\/wp-content\/uploads\/2025\/04\/2025-04-05_Chorleitertreffen-Neuenstein-Bild-2-1024x768.jpg 1024w, https:\/\/chorverband-region-kocher.de\/cms\/wp-content\/uploads\/2025\/04\/2025-04-05_Chorleitertreffen-Neuenstein-Bild-2-768x576.jpg 768w, https:\/\/chorverband-region-kocher.de\/cms\/wp-content\/uploads\/2025\/04\/2025-04-05_Chorleitertreffen-Neuenstein-Bild-2-1536x1152.jpg 1536w, https:\/\/chorverband-region-kocher.de\/cms\/wp-content\/uploads\/2025\/04\/2025-04-05_Chorleitertreffen-Neuenstein-Bild-2-418x314.jpg 418w, https:\/\/chorverband-region-kocher.de\/cms\/wp-content\/uploads\/2025\/04\/2025-04-05_Chorleitertreffen-Neuenstein-Bild-2-301x226.jpg 301w, https:\/\/chorverband-region-kocher.de\/cms\/wp-content\/uploads\/2025\/04\/2025-04-05_Chorleitertreffen-Neuenstein-Bild-2.jpg 2016w\" sizes=\"auto, (max-width: 647px) 100vw, 647px\" \/><\/p>\n<p>Am 05. April 2025 fand ein Chorleiter- und Vorst\u00e4ndetreffen des Chorverbands Region<br \/>\nKocher im evangelischen Gemeindehaus in Neuenstein statt. Der Chorverband Region<br \/>\nKocher setzt sich aus 117 Vereinen aus 5 Landkreisen zusammen und vertritt die Interessen<br \/>\nvon fast 4000 S\u00e4ngerinnen und S\u00e4ngern aus Kinder-Jugend-, Frauen-, Gemischten- und<br \/>\nM\u00e4nnerch\u00f6ren. Der Verbandspr\u00e4sident Roland Miola hatte alle Chorleiter und Vorsitzenden<br \/>\nder Vereine zu einem fachlichen Austausch nach Neuenstein eingeladen. Schwerpunktm\u00e4\u00dfig<br \/>\nging es bei der Tagung um den Erfahrungsaustausch untereinander, Austausch \u00fcber<br \/>\nChorliteratur, Vorstellung des Musikbeirats und der stellvertretenden Verbandschorleiterin<br \/>\nAngela Westh\u00e4u\u00dfer-Kowalski. Die neue Verbandsdirigentin hatte schnell die Anwesenden<br \/>\nanimiert, einen neuen Kanon einzustudieren und gleich im Anschluss aufzuf\u00fchren, begleitet<br \/>\nam Klavier durch Dietrich Westh\u00e4u\u00dfer-Kowalski. Danach widmete sich die Versammlung<br \/>\ndem Thema Aufbau- und Unterst\u00fctzung von Kinder- und Jugendch\u00f6ren, um das Thema<br \/>\nNachwuchs aller Ch\u00f6re konsequent anzugehen sowie Konzepte und Werbungsvorschl\u00e4ge<br \/>\ndurch den Chorverband anzubieten. Weiterhin soll im Hinblick auf die \u201everl\u00e4ssliche<br \/>\nGrundschule\u201c die Zusammenarbeit mit Kinderg\u00e4rten, Musikschulen und Schulen im<br \/>\nVerbandsgebiet verst\u00e4rkt und weiter ausgebaut werden. Ebenso wurden zum einen der<br \/>\nPunkt Vizedirigentenkurse und Chorleiterschulung im Erwachsenen \u2013 und Kinderbereich<br \/>\nangesprochen, bei dem an dieser Stelle der Bedarf eruiert und das Angebot durch den<br \/>\neigenen Chorverband als auch als Kooperation mit dem angrenzenden Chorverband<br \/>\nvorgestellt wurde. Zum anderen sollen in Zukunft die eigenen Projektch\u00f6re wieder aktiviert<br \/>\nwerden, indem projektbezogene Programme und Proben f\u00fcr Frauen &#8211; , M\u00e4nner \u2013<br \/>\ngemischten und Jungen Chor (neuere Literatur) durch die Verbandschorleitung angeboten<br \/>\nwerden. Am Ende waren sich die Anwesenden einig, dass ein j\u00e4hrlicher Austausch der<br \/>\nChorleiter sehr f\u00f6rderlich und interessant w\u00e4re, um das weite Gebiet der Chorlandschaft<br \/>\nRegion Kocher mit Chormusik zu erf\u00fcllen, was der Intension der Verbandsdirigentin<br \/>\nentsprechen w\u00fcrde. Nach einem begeisternden Abschlusskanon bedankte sich Pr\u00e4sident<br \/>\nMiola bei allen Anwesenden f\u00fcr die konstruktive Zusammenarbeit w\u00e4hrend der Tagung, bei<br \/>\nder stellvertretenden Verbandschorleiterin Angela Westh\u00e4u\u00dfer-Kowalski f\u00fcr die<br \/>\nVorbereitung und Darstellung der Tagungsinhalte und ihre Bereitschaft weitere<br \/>\nVeranstaltungen zusammen mit dem Musikbeirat anzubieten und Projektch\u00f6re\/musikalische<br \/>\nInhalte im Verband anzugehen sowie beim Frauenchor Neuenstein, die mit Unterst\u00fctzung<br \/>\ndes MGV Frohsinn Neuenstein diese Tagung organisiert und bewirtetet hatte.<br \/>\n(Klemens Treffert)<\/p>\n<p>&nbsp;<\/p>\n","protected":false},"excerpt":{"rendered":"<p>Chorverband Region Kocher tagt in Neuenstein Am 05. April 2025 fand ein Chorleiter- und Vorst\u00e4ndetreffen des Chorverbands Region Kocher im evangelischen Gemeindehaus in Neuenstein statt. Der Chorverband Region Kocher setzt &hellip;<\/p>\n","protected":false},"author":4,"featured_media":0,"comment_status":"closed","ping_status":"closed","sticky":false,"template":"","format":"standard","meta":{"footnotes":""},"categories":[70,1],"tags":[],"class_list":["post-5551","post","type-post","status-publish","format-standard","hentry","category-archiv","category-neuigkeiten","no-thumb"],"_links":{"self":[{"href":"https:\/\/chorverband-region-kocher.de\/cms\/wp-json\/wp\/v2\/posts\/5551","targetHints":{"allow":["GET"]}}],"collection":[{"href":"https:\/\/chorverband-region-kocher.de\/cms\/wp-json\/wp\/v2\/posts"}],"about":[{"href":"https:\/\/chorverband-region-kocher.de\/cms\/wp-json\/wp\/v2\/types\/post"}],"author":[{"embeddable":true,"href":"https:\/\/chorverband-region-kocher.de\/cms\/wp-json\/wp\/v2\/users\/4"}],"replies":[{"embeddable":true,"href":"https:\/\/chorverband-region-kocher.de\/cms\/wp-json\/wp\/v2\/comments?post=5551"}],"version-history":[{"count":2,"href":"https:\/\/chorverband-region-kocher.de\/cms\/wp-json\/wp\/v2\/posts\/5551\/revisions"}],"predecessor-version":[{"id":5554,"href":"https:\/\/chorverband-region-kocher.de\/cms\/wp-json\/wp\/v2\/posts\/5551\/revisions\/5554"}],"wp:attachment":[{"href":"https:\/\/chorverband-region-kocher.de\/cms\/wp-json\/wp\/v2\/media?parent=5551"}],"wp:term":[{"taxonomy":"category","embeddable":true,"href":"https:\/\/chorverband-region-kocher.de\/cms\/wp-json\/wp\/v2\/categories?post=5551"},{"taxonomy":"post_tag","embeddable":true,"href":"https:\/\/chorverband-region-kocher.de\/cms\/wp-json\/wp\/v2\/tags?post=5551"}],"curies":[{"name":"wp","href":"https:\/\/api.w.org\/{rel}","templated":true}]}}