{"id":5608,"date":"2025-08-04T12:30:44","date_gmt":"2025-08-04T10:30:44","guid":{"rendered":"https:\/\/chorverband-region-kocher.de\/cms\/?p=5608"},"modified":"2025-08-04T15:57:27","modified_gmt":"2025-08-04T13:57:27","slug":"eberstal-live-in-concert-50-jahre-gesang-und-gemeinschaft","status":"publish","type":"post","link":"https:\/\/chorverband-region-kocher.de\/cms\/eberstal-live-in-concert-50-jahre-gesang-und-gemeinschaft\/","title":{"rendered":"Eberstal live in concert \u2013 50 Jahre Gesang und Gemeinschaft"},"content":{"rendered":"<p>Am vergangenen Samstag verwandelte sich die Gemeindehalle in Eberstal in einen Ort voller Musik, Freude und Gemeinschaft. Anlass war der 50. Geburtstag des Gemischten Chores des Gesangvereins Liederkranz Eberstal \u2013 und zum Jubil\u00e4umskonzert unter dem Titel \u201eEberstal live in concert\u201c str\u00f6mten so viele G\u00e4ste, dass zus\u00e4tzliche St\u00fchle aufgestellt werden mussten.<img loading=\"lazy\" decoding=\"async\" class=\"wp-image-5612 aligncenter\" src=\"https:\/\/chorverband-region-kocher.de\/cms\/wp-content\/uploads\/2025\/08\/DSC06026-300x200.jpg\" alt=\"\" width=\"801\" height=\"534\" srcset=\"https:\/\/chorverband-region-kocher.de\/cms\/wp-content\/uploads\/2025\/08\/DSC06026-300x200.jpg 300w, https:\/\/chorverband-region-kocher.de\/cms\/wp-content\/uploads\/2025\/08\/DSC06026-1024x684.jpg 1024w, https:\/\/chorverband-region-kocher.de\/cms\/wp-content\/uploads\/2025\/08\/DSC06026-768x513.jpg 768w, https:\/\/chorverband-region-kocher.de\/cms\/wp-content\/uploads\/2025\/08\/DSC06026-418x279.jpg 418w, https:\/\/chorverband-region-kocher.de\/cms\/wp-content\/uploads\/2025\/08\/DSC06026.jpg 1616w\" sizes=\"auto, (max-width: 801px) 100vw, 801px\" \/><br \/>\nDas Publikum wurde mit einem abwechslungsreichen Programm belohnt: Der Jubil\u00e4umschor pr\u00e4sentierte sich in Bestform &#8211; begleitet von Fabian Gentner am Klavier und Elvira Schneider am Schlagzeug. F\u00fcr weitere musikalische Glanzlichter sorgten Annika Schneider und Greta R\u00fcger, die jeweils zwei eindrucksvolle Solost\u00fccke am Klavier darboten.<br \/>\nBesonders herzerw\u00e4rmend: Der Kinderchor, klein aber oho, erntete f\u00fcr seine Liedbeitr\u00e4ge tosenden Applaus \u2013 insbesondere das gemeinsam mit sangesfreudigen Eberstaler Rentnerinnen und Rentnern vorgetragene \u201eIch wollte nie erwachsen sein\u201c aus Tabaluga r\u00fchrte viele Zuh\u00f6rer.<\/p>\n<p><img loading=\"lazy\" decoding=\"async\" class=\"wp-image-5611 aligncenter\" src=\"https:\/\/chorverband-region-kocher.de\/cms\/wp-content\/uploads\/2025\/08\/DSC05933-300x200.jpg\" alt=\"\" width=\"802\" height=\"534\" srcset=\"https:\/\/chorverband-region-kocher.de\/cms\/wp-content\/uploads\/2025\/08\/DSC05933-300x200.jpg 300w, https:\/\/chorverband-region-kocher.de\/cms\/wp-content\/uploads\/2025\/08\/DSC05933-418x279.jpg 418w\" sizes=\"auto, (max-width: 802px) 100vw, 802px\" \/>Ein weiterer H\u00f6hepunkt: Die Schwestern Theresa R\u00f6ger und Elisa Beck, die mit Klarinette und Klavier gef\u00fchlvoll die St\u00fccke Youkali und Aladdin interpretierten.<br \/>\nCharmant und mit einem Augenzwinkern sangen die M\u00e4nner des Chores \u201eM\u00e4nner, so singt doch\u201c \u2013 ein musikalischer Lobgesang auf das starke Geschlecht. Die Frauen konterten mit dem Lied \u201eHefe\u201c und nahmen dabei augenzwinkernd so manche Alltagssorge aufs Korn \u2013 sehr zur Freude des Publikums.<\/p>\n<p><img loading=\"lazy\" decoding=\"async\" class=\"wp-image-5610 aligncenter\" src=\"https:\/\/chorverband-region-kocher.de\/cms\/wp-content\/uploads\/2025\/08\/DSC05882-300x200.jpg\" alt=\"\" width=\"803\" height=\"535\" srcset=\"https:\/\/chorverband-region-kocher.de\/cms\/wp-content\/uploads\/2025\/08\/DSC05882-300x200.jpg 300w, https:\/\/chorverband-region-kocher.de\/cms\/wp-content\/uploads\/2025\/08\/DSC05882-1024x684.jpg 1024w, https:\/\/chorverband-region-kocher.de\/cms\/wp-content\/uploads\/2025\/08\/DSC05882-768x513.jpg 768w, https:\/\/chorverband-region-kocher.de\/cms\/wp-content\/uploads\/2025\/08\/DSC05882-418x279.jpg 418w\" sizes=\"auto, (max-width: 803px) 100vw, 803px\" \/><br \/>\nBekannte Pop-Songs und mitrei\u00dfende Kanons sorgten f\u00fcr weitere H\u00f6hepunkte im Programm. Zum kr\u00f6nenden Abschluss sang und klatschte der ganze Saal bei \u201eIch war noch niemals in New York\u201c begeistert mit \u2013 ein w\u00fcrdiger Schlusspunkt eines rundum gelungenen Jubil\u00e4umsabends.<br \/>\nEin besonderer Dank gilt Chorleiterin Claudia Z\u00fcrn, die mit viel Herzblut undEngagement die Gesamtleitung des Abends \u00fcbernommen und das vielf\u00e4ltige Programm mit sicherer Hand auf die B\u00fchne gebracht hat.<\/p>\n<p>Lesen Sie den <a href=\"https:\/\/chorverband-region-kocher.de\/cms\/wp-content\/uploads\/2025\/08\/2025-07-26-Jubilaeum-50-J-gem-Chor-Eberstal.jpg\">Bericht in der Hohenloher Zeitung:<\/a><\/p>\n<p><img loading=\"lazy\" decoding=\"async\" class=\" wp-image-5609 aligncenter\" src=\"https:\/\/chorverband-region-kocher.de\/cms\/wp-content\/uploads\/2025\/08\/2025-07-26-Jubilaeum-50-J-gem-Chor-Eberstal-300x157.jpg\" alt=\"\" width=\"1117\" height=\"585\" srcset=\"https:\/\/chorverband-region-kocher.de\/cms\/wp-content\/uploads\/2025\/08\/2025-07-26-Jubilaeum-50-J-gem-Chor-Eberstal-300x157.jpg 300w, https:\/\/chorverband-region-kocher.de\/cms\/wp-content\/uploads\/2025\/08\/2025-07-26-Jubilaeum-50-J-gem-Chor-Eberstal-1024x537.jpg 1024w, https:\/\/chorverband-region-kocher.de\/cms\/wp-content\/uploads\/2025\/08\/2025-07-26-Jubilaeum-50-J-gem-Chor-Eberstal-768x403.jpg 768w, https:\/\/chorverband-region-kocher.de\/cms\/wp-content\/uploads\/2025\/08\/2025-07-26-Jubilaeum-50-J-gem-Chor-Eberstal-418x219.jpg 418w, https:\/\/chorverband-region-kocher.de\/cms\/wp-content\/uploads\/2025\/08\/2025-07-26-Jubilaeum-50-J-gem-Chor-Eberstal.jpg 1095w\" sizes=\"auto, (max-width: 1117px) 100vw, 1117px\" \/><\/p>\n","protected":false},"excerpt":{"rendered":"<p>Am vergangenen Samstag verwandelte sich die Gemeindehalle in Eberstal in einen Ort voller Musik, Freude und Gemeinschaft. Anlass war der 50. Geburtstag des Gemischten Chores des Gesangvereins Liederkranz Eberstal \u2013 &hellip;<\/p>\n","protected":false},"author":4,"featured_media":0,"comment_status":"closed","ping_status":"closed","sticky":false,"template":"","format":"standard","meta":{"footnotes":""},"categories":[1],"tags":[],"class_list":["post-5608","post","type-post","status-publish","format-standard","hentry","category-neuigkeiten","no-thumb"],"_links":{"self":[{"href":"https:\/\/chorverband-region-kocher.de\/cms\/wp-json\/wp\/v2\/posts\/5608","targetHints":{"allow":["GET"]}}],"collection":[{"href":"https:\/\/chorverband-region-kocher.de\/cms\/wp-json\/wp\/v2\/posts"}],"about":[{"href":"https:\/\/chorverband-region-kocher.de\/cms\/wp-json\/wp\/v2\/types\/post"}],"author":[{"embeddable":true,"href":"https:\/\/chorverband-region-kocher.de\/cms\/wp-json\/wp\/v2\/users\/4"}],"replies":[{"embeddable":true,"href":"https:\/\/chorverband-region-kocher.de\/cms\/wp-json\/wp\/v2\/comments?post=5608"}],"version-history":[{"count":4,"href":"https:\/\/chorverband-region-kocher.de\/cms\/wp-json\/wp\/v2\/posts\/5608\/revisions"}],"predecessor-version":[{"id":5616,"href":"https:\/\/chorverband-region-kocher.de\/cms\/wp-json\/wp\/v2\/posts\/5608\/revisions\/5616"}],"wp:attachment":[{"href":"https:\/\/chorverband-region-kocher.de\/cms\/wp-json\/wp\/v2\/media?parent=5608"}],"wp:term":[{"taxonomy":"category","embeddable":true,"href":"https:\/\/chorverband-region-kocher.de\/cms\/wp-json\/wp\/v2\/categories?post=5608"},{"taxonomy":"post_tag","embeddable":true,"href":"https:\/\/chorverband-region-kocher.de\/cms\/wp-json\/wp\/v2\/tags?post=5608"}],"curies":[{"name":"wp","href":"https:\/\/api.w.org\/{rel}","templated":true}]}}